{"id":596,"date":"2025-11-14T23:04:08","date_gmt":"2025-11-14T22:04:08","guid":{"rendered":"https:\/\/hasicisenohraby.cz\/?p=596"},"modified":"2025-11-15T21:15:16","modified_gmt":"2025-11-15T20:15:16","slug":"historie-sboru","status":"publish","type":"post","link":"https:\/\/hasicisenohraby.cz\/index.php\/2025\/11\/14\/historie-sboru\/","title":{"rendered":"Historie sboru"},"content":{"rendered":"\n<p class=\"has-text-align-justify has-text-align-justify\">Historie hasi\u010dsk\u00e9ho sboru v Senohrabech se po\u010d\u00edn\u00e1 ps\u00e1t rokem 1898. P\u0159edch\u00e1zela tomu ud\u00e1lost, kter\u00e1 o zalo\u017een\u00ed sboru hasi\u010d\u016f rozhodla. T\u00e9ho\u017e roku v den svatby Barbory Zrckov\u00e9 s Josefem Kr\u010dm\u00e1\u0159em z Lojovic vyho\u0159ela v Senohrabech pastou\u0161ka, dne\u0161n\u00ed \u010dp. 7.<\/p>\n\n\n\n<p class=\"has-text-align-justify has-text-align-justify\">N\u011bkolik t\u00fddn\u016f p\u0159ed t\u00edm byl v obci nalezen dopis, v n\u011bm\u017e nezn\u00e1m\u00fd vyhro\u017eoval, \u017ee obec bude ho\u0159eti ze \u010dty\u0159 stran. A\u010d se v noci hl\u00eddalo, vyho\u0159elo staven\u00ed Svobodovo \u010dp. 12 (pozd\u011bji Burianovo, dnes V. Smutn\u00e9ho), staven\u00ed \u017d\u00e1dn\u00edkovo \u010dp. 13 (pozd\u011bji Franti\u0161ek Hoke, dnes Hacmacovi), stodola a chl\u00e9vy V\u00e1vrovy \u010dp. 9. Ponocn\u00fd a past\u00fd\u0159 Jan Konvi\u010dka vid\u011bl sice \u010dlov\u011bka, jak podpaluje staven\u00ed, nemohl ho v\u0161ak dostihnout. A tak tu byl p\u00e1dn\u00fd d\u016fvod, aby se z ob\u010dan\u016f ustavil \u201eM\u00edstn\u00ed sbor dobrovoln\u00fdch hasi\u010d\u016f\u201c.\u011bkolik t\u00fddn\u016f p\u0159ed t\u00edm byl v obci nalezen dopis, v n\u011bm\u017e nezn\u00e1m\u00fd vyhro\u017eoval, \u017ee obec bude ho\u0159eti ze \u010dty\u0159 stran.<\/p>\n\n\n\n<p class=\"has-text-align-justify has-text-align-justify\">A\u010d se v noci hl\u00eddalo, vyho\u0159elo staven\u00ed Svobodovo \u010dp. 12 (pozd\u011bji Burianovo, dnes V. Smutn\u00e9ho), staven\u00ed \u017d\u00e1dn\u00edkovo \u010dp. 13 (pozd\u011bji Franti\u0161ek Hoke, dnes Hacmacovi), stodola a chl\u00e9vy V\u00e1vrovy \u010dp. 9. Ponocn\u00fd a past\u00fd\u0159 Jan Konvi\u010dka vid\u011bl sice \u010dlov\u011bka, jak podpaluje staven\u00ed, nemohl ho v\u0161ak dostihnout. A tak tu byl p\u00e1dn\u00fd d\u016fvod, aby se z ob\u010dan\u016f ustavil \u201eM\u00edstn\u00ed sbor dobrovoln\u00fdch hasi\u010d\u016f\u201c.<\/p>\n\n\n\n<p class=\"has-text-align-justify has-text-align-justify\">Stalo se tak na ustavuj\u00edc\u00ed sch\u016fzi v z\u00e1\u0159\u00ed 1898. Na prvn\u00ed stran\u011b hasi\u010dsk\u00e9 Pam\u011btn\u00ed knihy je naps\u00e1no: \u201eKniha pam\u011btn\u00ed Dobrovoln\u00e9ho hasi\u010dsk\u00e9ho sboru v Senohrabech, zalo\u017een\u00e9ho za slavn\u00e9 vl\u00e1dy Jeho Veli\u010denstva na\u0161eho nejjasn\u011bj\u0161\u00edho c\u00edsa\u0159e a kr\u00e1le Franti\u0161ka I. v roce 1898.<\/p>\n\n\n\n<figure class=\"wp-block-image size-full\"><img loading=\"lazy\" decoding=\"async\" width=\"827\" height=\"208\" src=\"https:\/\/hasicisenohraby.cz\/wp-content\/uploads\/2025\/11\/image.png\" alt=\"\" class=\"wp-image-597\" srcset=\"https:\/\/hasicisenohraby.cz\/wp-content\/uploads\/2025\/11\/image.png 827w, https:\/\/hasicisenohraby.cz\/wp-content\/uploads\/2025\/11\/image-300x75.png 300w, https:\/\/hasicisenohraby.cz\/wp-content\/uploads\/2025\/11\/image-768x193.png 768w\" sizes=\"auto, (max-width: 827px) 100vw, 827px\" \/><\/figure>\n\n\n\n<p class=\"has-text-align-justify has-text-align-justify\">Dne 4. z\u00e1\u0159\u00ed vysv\u011bcena byla veled\u016fstojn\u00fdm p\u00e1nem p. P. Josefem R\u016f\u017ei\u010dkou, far\u00e1\u0159em z Hrusic, st\u0159\u00edka\u010dka Sboru dobrovoln\u00fdch hasi\u010d\u016f v Senohrabech za laskav\u00e9 p\u0159\u00edtomnosti v\u00e1\u017een\u00fdch p\u00e1n\u016f a dam z Prahy a okol\u00ed.\u201c<br><\/p>\n\n\n\n<p>Prvn\u00ed sbor tvo\u0159ili:<\/p>\n\n\n\n<p>Jan Troj\u00e1nek \u2013 starosta a jednatel<br>V\u00e1clav \u0160imek \u2013 velitel a zbrojmistr<br>Franti\u0161ek Nov\u00e1k \u2013 pokladn\u00edk<br>Franti\u0161ek Nedv\u011bd \u2013 revizor \u00fa\u010dt\u016f<br>Franti\u0161ek Jirou\u0161ek \u2013 d\u016fv\u011brn\u00edk<br>Josef V\u00e1vra \u2013 cvi\u010ditel.<br>Hasi\u010di: Josef Troj\u00e1nek, Anton\u00edn V\u00e1vra, Anton\u00edn Soustru\u017en\u00edk, Josef C\u00edsa\u0159, Franti\u0161ek Turek, Josef Budsk\u00fd,<br>Franti\u0161ek Coubal, Franti\u0161ek Troj\u00e1nek, Jan Konvi\u010dka, Vojt\u011bch Tron\u00ed\u010dek.<\/p>\n\n\n\n<figure class=\"wp-block-image aligncenter size-full is-resized\"><img loading=\"lazy\" decoding=\"async\" width=\"511\" height=\"362\" src=\"https:\/\/hasicisenohraby.cz\/wp-content\/uploads\/2025\/11\/image-2.png\" alt=\"\" class=\"wp-image-599\" style=\"width:929px;height:auto\" srcset=\"https:\/\/hasicisenohraby.cz\/wp-content\/uploads\/2025\/11\/image-2.png 511w, https:\/\/hasicisenohraby.cz\/wp-content\/uploads\/2025\/11\/image-2-300x213.png 300w\" sizes=\"auto, (max-width: 511px) 100vw, 511px\" \/><\/figure>\n\n\n\n<figure class=\"wp-block-pullquote\"><blockquote><p>Ji\u017e 12. z\u00e1\u0159\u00ed byl sbor v akci p\u0159i ha\u0161en\u00ed po\u017e\u00e1ru v Turkovic\u00edch.<\/p><\/blockquote><\/figure>\n\n\n\n<div class=\"wp-block-columns is-layout-flex wp-container-core-columns-is-layout-28f84493 wp-block-columns-is-layout-flex\">\n<div class=\"wp-block-column is-layout-flow wp-block-column-is-layout-flow\">\n<p class=\"has-text-align-justify has-text-align-justify\">\u017dh\u00e1\u0159stv\u00ed v obci vyvolalo v \u017eivot nejen m\u00edstn\u00ed jednotku dobrovoln\u00fdch hasi\u010d\u016f, ale obec se d\u00e1le 16. z\u00e1\u0159\u00ed 1898 usnesla, aby byly po\u0159\u00edzeny 2 voznice, 1 velk\u00fd a 1 mal\u00fd \u017eeb\u0159\u00edk, 1 h\u00e1k a 4 ko\u0161\u00edky (pl\u00e1t\u011bn\u00e9 nepromokav\u00e9) na no\u0161en\u00ed vody jako hasi\u010dsk\u00e9 n\u00e1\u010din\u00ed. Prvn\u00ed technika byla zakoupena 22. prosince 1898. Jednalo se o st\u0159\u00edka\u010dku od fy. Sm\u00e9kal ze Sm\u00edchova za 1000 zlat\u00fdch. 22. prosince 1899 obec je\u0161t\u011b za st\u0159\u00edka\u010dku dlu\u017eila 900 zlat\u00fdch. St\u0159\u00edka\u010dka byla prozat\u00edmn\u011b uskladn\u011bna se \u017eeb\u0159\u00edky v usedlosti \u010dp. 5 (u Tron\u00ed\u010dk\u016f). Za\u010d\u00e1tky m\u00edstn\u00edho sboru byly tedy nelehk\u00e9.<\/p>\n\n\n\n<p class=\"has-text-align-justify has-text-align-justify\">Bylo m\u00e1lo finan\u010dn\u00edch prost\u0159edk\u016f, a tak i vybaven\u00ed sboru bylo nedostate\u010dn\u00e9. V po\u010d\u00e1tku m\u011bl sbor jen 16 \u010dlen\u016f. V roce 1901<br>byl sbor na valn\u00e9 hromad\u011b roz\u0161\u00ed\u0159en a \u010dlenov\u00e9 se podrobili \u0159\u00e1dn\u00e9mu v\u00fdcviku. V pozd\u011bj\u0161\u00edch letech se staly \u010dlenkami i \u017eeny. V roce 1906 byl pod\u00e1n n\u00e1vrh na postaven\u00ed obecn\u00edho domku a k\u016flny na \u201estroj hasi\u010dsk\u00fd\u201c. T\u00edmto rozhodnut\u00edm za\u010dal m\u00edt sbor i sv\u00e9 z\u00e1zem\u00ed. Jednalo se o zbrojnici \u010dp. 114 u rybn\u00ed\u010dku. Za \u010di\u0161t\u011bn\u00ed st\u0159\u00edka\u010dky bylo tehdy vypl\u00e1ceno ro\u010dn\u011b 8 korun.<\/p>\n<\/div>\n\n\n\n<div class=\"wp-block-column is-layout-flow wp-block-column-is-layout-flow\">\n<figure class=\"wp-block-image size-full\"><img loading=\"lazy\" decoding=\"async\" width=\"542\" height=\"397\" src=\"https:\/\/hasicisenohraby.cz\/wp-content\/uploads\/2025\/11\/image-3.png\" alt=\"\" class=\"wp-image-600\" srcset=\"https:\/\/hasicisenohraby.cz\/wp-content\/uploads\/2025\/11\/image-3.png 542w, https:\/\/hasicisenohraby.cz\/wp-content\/uploads\/2025\/11\/image-3-300x220.png 300w\" sizes=\"auto, (max-width: 542px) 100vw, 542px\" \/><\/figure>\n\n\n\n<p class=\"has-text-align-justify has-text-align-justify\"><em>Hasi\u010dsk\u00e9 \u017eupn\u00ed ve\u0159ejn\u00e9 cvi\u010den\u00ed v roce 1929. Na sn\u00edmku p\u0159ed\u00e1n\u00ed diplom\u016f dosud \u017eij\u00edc\u00edm zakl\u00e1daj\u00edc\u00edm \u010dlen\u016fm spolku. Druh\u00fd zleva (\u010d. 2) jeden ze zakl\u00e1daj\u00edc\u00edch \u010dlen\u016f sboru Jan Konvi\u010dka.<\/em><\/p>\n<\/div>\n<\/div>\n\n\n\n<figure class=\"wp-block-image size-full is-resized\"><img loading=\"lazy\" decoding=\"async\" width=\"826\" height=\"256\" src=\"https:\/\/hasicisenohraby.cz\/wp-content\/uploads\/2025\/11\/image-4.png\" alt=\"\" class=\"wp-image-601\" style=\"width:936px;height:auto\" srcset=\"https:\/\/hasicisenohraby.cz\/wp-content\/uploads\/2025\/11\/image-4.png 826w, https:\/\/hasicisenohraby.cz\/wp-content\/uploads\/2025\/11\/image-4-300x93.png 300w, https:\/\/hasicisenohraby.cz\/wp-content\/uploads\/2025\/11\/image-4-768x238.png 768w\" sizes=\"auto, (max-width: 826px) 100vw, 826px\" \/><\/figure>\n\n\n\n<p class=\"has-text-align-justify has-text-align-justify\">Velk\u00fdch \u00fasp\u011bch\u016f bylo dosa\u017eeno v letech 1923\u201324 a 1936\u201338, kdy bylo z\u00edsk\u00e1no pro \u010dlenstv\u00ed mnoho mlad\u00fdch ob\u010dan\u016f. Sbor se z\u00fa\u010dast\u0148oval ve\u0159ejn\u00fdch cvi\u010den\u00ed a sjezd\u016f. Dne 30. \u010dervna 1929 se konal v Senohrabech \u017eupn\u00ed sjezd hasi\u010dstva na prostranstv\u00ed p\u0159ed objektem rodiny Hejdukov\u00fdch (TES, \u010dp. 107). \u00da\u010dast byla mimo\u0159\u00e1dn\u011b velik\u00e1. Za st\u00e1l\u00e9 \u010dlenstv\u00ed byli odm\u011bn\u011bni diplomy Karel Gross, Jan Konvi\u010dka st. a Josef Troj\u00e1nek st.<\/p>\n\n\n\n<p class=\"has-text-align-justify has-text-align-justify\">4. \u010dervence 1929 se p\u0159ehnala kolem 18. hodiny nad Senohraby v\u011btrn\u00e1 smr\u0161\u0165 a bou\u0159e s lijavcem. Zp\u016fsobila mnoho \u0161kod na \u00farod\u011b, budov\u00e1ch a les\u00edch. Stromy o s\u00edle 50 centimetr\u016f byly p\u0159el\u00e1m\u00e1ny a vyvr\u00e1ceny i s ko\u0159eny. Na likvidaci \u0161kod se pod\u00edlel m\u00edstn\u00ed sbor.<\/p>\n\n\n\n<p class=\"has-text-align-justify has-text-align-justify\">V prosinci 1929 od p\u0159etopen\u00fdch kamen vyho\u0159ela \u010detnick\u00e1 stanice, um\u00edst\u011bn\u00e1 v \u010dp. 1. V\u010dasn\u00fdm z\u00e1krokem byl po\u017e\u00e1r uha\u0161en a budova byla zachr\u00e1n\u011bna.<\/p>\n\n\n\n<p class=\"has-text-align-justify has-text-align-justify\">V roce 1934 byla ru\u010dn\u00ed st\u0159\u00edka\u010dka nahrazena st\u0159\u00edka\u010dkou motorovou. V listopadu 1935 byla p\u0159ed\u00e1na \u017e\u00e1dost m\u00edstn\u00edho dobrovoln\u00e9ho hasi\u010dsk\u00e9ho sboru o zakoupen\u00ed 500 metr\u016f hadic. Obec vyhov\u011bla p\u0159eveden\u00edm \u010d\u00e1stky do rozpo\u010dtu na rok 1936. 3. \u010dervence 1936 bylo usneseno, \u017ee pro m\u00edstn\u00ed sbor bude zakoupeno 200 metr\u016f hadic m\u00edsto po\u017eadovan\u00fdch 500 metr\u016f.<\/p>\n\n\n\n<div class=\"wp-block-columns is-layout-flex wp-container-core-columns-is-layout-28f84493 wp-block-columns-is-layout-flex\">\n<div class=\"wp-block-column is-layout-flow wp-block-column-is-layout-flow\" style=\"flex-basis:66.66%\">\n<p class=\"has-text-align-justify has-text-align-justify\">T\u00e9ho\u017e roku p\u0159i p\u0159ed\u00e1n\u00ed nov\u00e9 motorov\u00e9 st\u0159\u00edka\u010dky obecn\u00ed zastupitelstvo darovalo hasi\u010d\u016fm 500 korun.<\/p>\n\n\n\n<p class=\"has-text-align-justify has-text-align-justify\">Roku 1937 bylo do hasi\u010dsk\u00e9 zbrojnice zavedeno elektrick\u00e9 sv\u011btlo. <\/p>\n\n\n\n<p class=\"has-text-align-justify has-text-align-justify\">Dne 23. listopadu 1939 byly obecn\u00edm zastupitelstvem schv\u00e1leny stanovy m\u00edstn\u00edho hasi\u010dsk\u00e9ho sboru.<\/p>\n\n\n\n<p class=\"has-text-align-justify has-text-align-justify\">Dobrovoln\u00fd hasi\u010dsk\u00fd sbor Senohraby provozoval dlouhodob\u011b i sanitn\u00ed v\u016fz. V \u010dervnu roku 1942 byla p\u0159evedena pojistka vozu z m\u00edstn\u00edho sboru na obec Senohraby, kter\u00e1 platila ro\u010dn\u00ed pr\u00e9mii 600 korun. Pozd\u011bji p\u0159evzal sanitn\u00ed v\u016fz od M\u00edstn\u00edho n\u00e1rodn\u00edho v\u00fdboru Senohraby Okresn\u00ed \u00fastav n\u00e1rodn\u00edho zdrav\u00ed \u0158\u00ed\u010dany.<\/p>\n\n\n\n<p class=\"has-text-align-justify has-text-align-justify\">V obdob\u00ed 2. sv\u011btov\u00e9 v\u00e1lky byli hasi\u010di jedinou organizovanou slo\u017ekou v obci, kter\u00e1 byla oporou pro veden\u00ed obce v t\u00e9to slo\u017eit\u00e9 dob\u011b.<\/p>\n\n\n\n<p class=\"has-text-align-justify has-text-align-justify\">V ned\u011bli 12. \u0159\u00edjna 1947 ve 21.34 hodin se stalo v Senohrabech \u017eelezni\u010dn\u00ed ne\u0161t\u011bst\u00ed, kter\u00e9 si vy\u017e\u00e1dalo 8 ob\u011bt\u00ed na lidsk\u00fdch \u017eivotech a dal\u0161\u00edch 38 lid\u00ed bylo zran\u011bno. N\u00e1kladn\u00ed vlak \u010d. 7518 nalo\u017een\u00fd uhl\u00edm se samovoln\u00fdm uvoln\u011bn\u00edm brzd dal do pohybu. Bohu\u017eel zrovna v okam\u017eiku, kdy\u017e do Senohrab p\u0159ij\u00ed\u017ed\u011bl zrychlen\u00fd<br>vlak \u010d. 1613 od Bene\u0161ova. Ke sr\u00e1\u017ece do\u0161lo p\u0159ibli\u017en\u011b 150 metr\u016f od \u017eelezni\u010dn\u00ed stanice. Z\u00e1chrann\u00fdch prac\u00ed se z\u00fa\u010dastnili z\u00e1chrann\u00e9 \u010dety pracovn\u00edho vlaku, v\u0161ichni l\u00e9ka\u0159i z okol\u00ed, m\u00edstn\u00ed stanice Sboru n\u00e1rodn\u00ed bezpe\u010dnosti, \u010dlenov\u00e9 m\u00edstn\u00edho n\u00e1rodn\u00edho v\u00fdboru a m\u00edstn\u00ed hasi\u010dsk\u00fd sbor. Zran\u011bn\u00ed byli odv\u00e1\u017eeni sanitn\u00edmi vozy z Mnichovic a Senohrab p\u0159ev\u00e1\u017en\u011b do nemocnice v Bene\u0161ov\u011b a z \u010d\u00e1sti pak do nemocnice v Praze na Vinohradech. P\u0159\u00edpad byl \u0159\u00e1dn\u011b vy\u0161et\u0159en a strojv\u016fdce s topi\u010dem n\u00e1kladn\u00edho vlaku byli zat\u010deni.<\/p>\n<\/div>\n\n\n\n<div class=\"wp-block-column is-layout-flow wp-block-column-is-layout-flow\" style=\"flex-basis:33.33%\">\n<figure class=\"wp-block-image size-full\"><img loading=\"lazy\" decoding=\"async\" width=\"313\" height=\"437\" src=\"https:\/\/hasicisenohraby.cz\/wp-content\/uploads\/2025\/11\/image-5.png\" alt=\"\" class=\"wp-image-602\" srcset=\"https:\/\/hasicisenohraby.cz\/wp-content\/uploads\/2025\/11\/image-5.png 313w, https:\/\/hasicisenohraby.cz\/wp-content\/uploads\/2025\/11\/image-5-215x300.png 215w\" sizes=\"auto, (max-width: 313px) 100vw, 313px\" \/><\/figure>\n<\/div>\n<\/div>\n\n\n\n<p class=\"has-text-align-justify has-text-align-justify\">V roce 1951 hasi\u010di zakoupili sir\u00e9nu k vyhla\u0161ov\u00e1n\u00ed po\u017e\u00e1r\u016f. Hasi\u010dsk\u00e1 jednotka se tak stala zdatnou a nezastupitelnou slo\u017ekou nejen v obecn\u00edm, ale i okresn\u00edm m\u011b\u0159\u00edtku. V roce 1957 m\u011bla jednotka dokonce 94 \u010dlen\u016f, z toho 27 \u017een, velitelem byl Miroslav B\u00edl\u00fd.<\/p>\n\n\n\n<p class=\"has-text-align-justify has-text-align-justify\">Odm\u011bnou za \u010detn\u00e9 z\u00e1sahy a pomoc ob\u010dan\u016fm bylo v roce 1957 p\u0159id\u011blen\u00ed modern\u00edho hasi\u010dsk\u00e9ho vozu v hodnot\u011b 114 tis\u00edc korun. V tomto roce byla tak\u00e9 v akci \u201eZ\u201c napl\u00e1nov\u00e1na na n\u00e1sleduj\u00edc\u00ed rok adaptace po\u017e\u00e1rn\u00ed zbrojnice, kter\u00e1 si vy\u017e\u00e1dala 1158 brig\u00e1dnick\u00fdch hodin, vybudovan\u00e1 hodnota \u010dinila 22 tis\u00edc korun. Adaptace bohu\u017eel nezabr\u00e1nila p\u00e1du st\u0159echy na gar\u00e1\u017e\u00edch, kter\u00e1 byla v havarijn\u00edm stavu.<\/p>\n\n\n\n<figure class=\"wp-block-image aligncenter size-full is-resized\"><img loading=\"lazy\" decoding=\"async\" width=\"517\" height=\"410\" src=\"https:\/\/hasicisenohraby.cz\/wp-content\/uploads\/2025\/11\/image-7.png\" alt=\"\" class=\"wp-image-604\" style=\"width:968px;height:auto\" srcset=\"https:\/\/hasicisenohraby.cz\/wp-content\/uploads\/2025\/11\/image-7.png 517w, https:\/\/hasicisenohraby.cz\/wp-content\/uploads\/2025\/11\/image-7-300x238.png 300w\" sizes=\"auto, (max-width: 517px) 100vw, 517px\" \/><\/figure>\n\n\n\n<p class=\"has-text-align-center\"><em>Oslava 60. v\u00fdro\u010d\u00ed zalo\u017een\u00ed sboru v roce 1958 konan\u00e1 v restauraci U And\u011bl\u016f<\/em><\/p>\n\n\n\n<p class=\"has-text-align-justify has-text-align-justify\">Tato z\u00e1le\u017eitost p\u0159im\u011bla \u010dleny organizace k z\u00edsk\u00e1n\u00ed stavebn\u00edho povolen\u00ed a financ\u00ed pro stavbu nov\u00e9ho po\u017e\u00e1rn\u00edho domu. Pen\u011b\u017en\u00ed \u010d\u00e1stka musela b\u00fdt dopln\u011bna z\u00e1vazkem \u010dlen\u016f na odpracov\u00e1n\u00ed brig\u00e1dnick\u00fdch hodin. Toto \u00fasil\u00ed vyvrcholilo v roce 1961, kdy byly skon\u010deny pr\u00e1ce na nov\u00e9 budov\u011b zbrojnice (dne\u0161n\u00ed hasi\u010dsk\u00fd d\u016fm \u010dp. 270) a tato byla 29. \u010dervna p\u0159ed\u00e1na do u\u017e\u00edv\u00e1n\u00ed m\u00edstn\u00ed jednotce. P\u0159i n\u00e1kladu zhruba 130 tis\u00edc K\u010ds bylo vybudov\u00e1no d\u00edlo v hodnot\u011b 290 tis\u00edc K\u010ds. Bylo zde odpracov\u00e1no 8 tis\u00edc dobrovolnick\u00fdch hodin. Na slavnostn\u00edm zased\u00e1n\u00ed bylo 56 ob\u010dan\u016fm ud\u011bleno \u010destn\u00e9 uzn\u00e1n\u00ed. Je zde t\u0159eba vyzdvihnout pr\u00e1ci mnoha \u010dlen\u016f, p\u0159edev\u0161\u00edm M. B\u00edl\u00e9ho, J. Berky, J. Lehej\u010dka, V. Kulh\u00e1nka a dal\u0161\u00edch.<\/p>\n\n\n\n<p class=\"has-text-align-justify has-text-align-justify\">Tehdej\u0161\u00ed m\u00edstn\u00ed n\u00e1rodn\u00ed v\u00fdbor vyu\u017eil novostavby a p\u0159est\u011bhoval sv\u00e9 s\u00eddlo z obecn\u00ed budovy (p\u0159edch\u016fdce dne\u0161n\u00edho \u010dp. 83, ul. Hlavn\u00ed), kterou n\u00e1sledn\u011b prodal, do nov\u00e9ho hasi\u010dsk\u00e9ho domu.<\/p>\n\n\n\n<div class=\"wp-block-columns is-layout-flex wp-container-core-columns-is-layout-28f84493 wp-block-columns-is-layout-flex\">\n<div class=\"wp-block-column is-layout-flow wp-block-column-is-layout-flow\">\n<figure class=\"wp-block-image aligncenter size-full\"><img loading=\"lazy\" decoding=\"async\" width=\"693\" height=\"505\" src=\"https:\/\/hasicisenohraby.cz\/wp-content\/uploads\/2025\/11\/image-6.png\" alt=\"\" class=\"wp-image-603\" srcset=\"https:\/\/hasicisenohraby.cz\/wp-content\/uploads\/2025\/11\/image-6.png 693w, https:\/\/hasicisenohraby.cz\/wp-content\/uploads\/2025\/11\/image-6-300x219.png 300w\" sizes=\"auto, (max-width: 693px) 100vw, 693px\" \/><\/figure>\n\n\n\n<p class=\"has-text-align-center\"><em>Pr\u016fvod obc\u00ed v \u010dervenci 1970<\/em><\/p>\n<\/div>\n\n\n\n<div class=\"wp-block-column is-layout-flow wp-block-column-is-layout-flow\"><figure class=\"wp-block-post-featured-image\"><img loading=\"lazy\" decoding=\"async\" width=\"585\" height=\"422\" src=\"https:\/\/hasicisenohraby.cz\/wp-content\/uploads\/2025\/11\/image-8.png\" class=\"attachment-post-thumbnail size-post-thumbnail wp-post-image\" alt=\"\" style=\"object-fit:cover;\" srcset=\"https:\/\/hasicisenohraby.cz\/wp-content\/uploads\/2025\/11\/image-8.png 585w, https:\/\/hasicisenohraby.cz\/wp-content\/uploads\/2025\/11\/image-8-300x216.png 300w\" sizes=\"auto, (max-width: 585px) 100vw, 585px\" \/><\/figure><\/div>\n<\/div>\n\n\n\n<p class=\"has-text-align-justify has-text-align-justify\">Dal\u0161\u00ed velik\u00e9 ne\u0161t\u011bst\u00ed v na\u0161\u00ed obci se stalo v noci z ned\u011ble na pond\u011bl\u00ed z 18. na 19. srpna 1974, kdy do\u0161lo k protr\u017een\u00ed hr\u00e1ze rybn\u00edka Huba\u010dov. Po t\u00fdden trvaj\u00edc\u00edch vedrech (32\u201334 \u00b0C) p\u0159i\u0161la ve\u010der obrovsk\u00e1 bou\u0159ka doprov\u00e1zen\u00e1 vich\u0159ic\u00ed a pr\u016ftr\u017e\u00ed mra\u010den. Vzedmut\u00e1 voda zaplavila luka od Mnichovic a\u017e po rybn\u00edk Huba\u010dov. Voda p\u0159et\u00e9kala mohutn\u00fdm proudem p\u0159es hr\u00e1z, kterou postupn\u011b vym\u00edlala. V \u010dasn\u00fdch rann\u00edch hodin\u00e1ch do\u0161lo ke katastrof\u011b. Hr\u00e1z Huba\u010dovsk\u00e9ho rybn\u00edka se v \u0161\u00ed\u0159i 25 metr\u016f protrhla a vysok\u00e1 povod\u0148ov\u00e1 vlna se hnala \u00fadol\u00edm k Hru\u0161ovu a d\u00e1le k Ba\u0161t\u00edrn\u011b. Masa vody dosahovala t\u0159\u00ed metr\u016f a smetla v\u0161e, co j\u00ed p\u0159i\u0161lo do cesty. Vich\u0159ice, kter\u00e1 dosahovala rychlosti p\u0159es 140 km\/hod., dovr\u0161ila d\u00edlo zk\u00e1zy.<\/p>\n\n\n\n<p class=\"has-text-align-justify has-text-align-justify\">Tato katastrofa byla zaplacena \u010dty\u0159mi lidsk\u00fdmi \u017eivoty. \u0160t\u011bst\u00edm v ne\u0161t\u011bst\u00ed bylo, \u017ee \u0161lo o noc z ned\u011ble na pond\u011bl\u00ed, a tud\u00ed\u017e chaty pod\u00e9l potoka byly p\u0159ev\u00e1\u017en\u011b pr\u00e1zdn\u00e9. Jen d\u00edky nesm\u00edrn\u00e9 ob\u011btavosti po\u017e\u00e1rn\u00edk\u016f, voj\u00e1k\u016f a p\u0159\u00edslu\u0161n\u00edk\u016f Ve\u0159ejn\u00e9 bezpe\u010dnosti se poda\u0159ilo v posti\u017een\u00e9 oblasti v kr\u00e1tk\u00e9 dob\u011b nouzov\u011b obnovit \u017eivot. V t\u00e9m\u017ee roce poznamenan\u00e9m zm\u00edn\u011bnou povodn\u00ed do\u0161lo i k p\u0159\u00edzniv\u00e9 ud\u00e1losti. Za \u00fasp\u011b\u0161nou \u010dinnost jak na sportovn\u00edm poli, tak i p\u0159i zdol\u00e1v\u00e1n\u00ed po\u017e\u00e1r\u016f bylo senohrabsk\u00e9hu sboru p\u0159id\u011bleno prvn\u00ed cisternov\u00e9 vozidlo.<\/p>\n\n\n\n<p class=\"has-text-align-justify has-text-align-justify\">V roce 1980 z\u00edskala jednotka putovn\u00ed poh\u00e1r p\u0159edsedy feder\u00e1ln\u00ed vl\u00e1dy L. \u0160trougala a obdr\u017eela po\u017e\u00e1rn\u00ed vozidlo DVS 8 T 805, kter\u00e9 v 80. letech nahradilo vozidlo AS 16 IFA. N\u00e1sledn\u011b byla upravena prost\u0159edn\u00ed gar\u00e1\u017e hasi\u010dsk\u00e9ho domu.<\/p>\n\n\n\n<p class=\"has-text-align-justify has-text-align-justify\">16. \u010dervna 1980 zasahoval sbor u po\u017e\u00e1ru samoobsluhy.<\/p>\n\n\n\n<p class=\"has-text-align-justify has-text-align-justify\">Dal\u0161\u00edm d\u016fle\u017eit\u00fdm miln\u00edkem v historii m\u00edstn\u00ed jednotky byl rok 1994. V tomto roce bylo do v\u00fdbavy jednotky za\u0159azeno technick\u00e9 vozidlo \u017digul combi ur\u010den\u00e9 pro z\u00e1sahy u dopravn\u00edch nehod. Od t\u00e9to doby ve v\u00fd\u010dtu ud\u00e1lost\u00ed za\u010daly postupn\u011b p\u0159eva\u017eovat pr\u00e1v\u011b z\u00e1sahy u dopravn\u00edch nehod. Postupn\u011b se t\u00e9\u017e m\u011bnila vozidla k tomu ur\u010den\u00e1. Po prvn\u00edm voze \u017digul combi n\u00e1sledoval v\u016fz ARO, dod\u00e1vkov\u00e9 vozidlo Mazda, Opel Campo a sou\u010dasn\u00e9 nov\u00e9 vozidlo RZA Ford Tranzit. Z cisternov\u00fdch voz\u016f to bylo vozidlo CAS 24 ZIL 131, CAS 32 Tatra 138 a CAS 32 Tatra 148.<\/p>\n\n\n\n<figure class=\"wp-block-image aligncenter size-full is-resized\"><img loading=\"lazy\" decoding=\"async\" width=\"785\" height=\"414\" src=\"https:\/\/hasicisenohraby.cz\/wp-content\/uploads\/2025\/11\/image-9.png\" alt=\"\" class=\"wp-image-612\" style=\"width:999px;height:auto\" srcset=\"https:\/\/hasicisenohraby.cz\/wp-content\/uploads\/2025\/11\/image-9.png 785w, https:\/\/hasicisenohraby.cz\/wp-content\/uploads\/2025\/11\/image-9-300x158.png 300w, https:\/\/hasicisenohraby.cz\/wp-content\/uploads\/2025\/11\/image-9-768x405.png 768w\" sizes=\"auto, (max-width: 785px) 100vw, 785px\" \/><\/figure>\n\n\n\n<p class=\"has-text-align-justify has-text-align-justify\">B\u011bhem skoro 130 let existence dobrovoln\u00e9ho hasi\u010dsk\u00e9ho sboru v Senohrabech se vyst\u0159\u00eddali ve funkci starosty sboru Jan Troj\u00e1nek, Anton\u00edn Kubela, Anton\u00edn V\u00e1vra, Karel Gross, Franti\u0161ek \u0160imek, Franti\u0161ek V\u00e1vra, Franti\u0161ek Nov\u00e1k, Karel \u0160\u0165astn\u00fd, V\u00e1clav Smet\u00e1k, Miroslav B\u00edl\u00fd st., Miroslav B\u00edl\u00fd ml. a Roman B\u00edl\u00fd.<\/p>\n\n\n\n<hr class=\"wp-block-separator has-alpha-channel-opacity\"\/>\n\n\n\n<p class=\"has-text-align-justify has-text-align-justify\"><em>Tento \u010dl\u00e1nek p\u016fvodn\u011b vy\u0161el v mimo\u0159\u00e1dn\u00e9m \u010d\u00edsle Senohrabsk\u00e9 hl\u00e1sky k v\u00fdro\u010d\u00ed 120 let SDH Senohraby v roce 2018. Cel\u00e9 vyd\u00e1n\u00ed naleznete v archivu \u010dasopisu na str\u00e1nk\u00e1ch obce (<a href=\"https:\/\/www.senohraby.cz\/modules\/file_storage\/download.php?file=7ab11425%7C190\" data-type=\"link\" data-id=\"https:\/\/www.senohraby.cz\/modules\/file_storage\/download.php?file=7ab11425%7C190\">zde<\/a>).<\/em> Autory \u010dl\u00e1nku jsou Michal B\u00edl\u00fd a Jana Sva\u0161kov\u00e1.<\/p>\n","protected":false},"excerpt":{"rendered":"<p>Historie hasi\u010dsk\u00e9ho sboru v Senohrabech se po\u010d\u00edn\u00e1 ps\u00e1t rokem 1898. P\u0159edch\u00e1zela tomu ud\u00e1lost, kter\u00e1 o zalo\u017een\u00ed sboru hasi\u010d\u016f rozhodla. T\u00e9ho\u017e roku v den svatby Barbory Zrckov\u00e9 s Josefem Kr\u010dm\u00e1\u0159em z Lojovic vyho\u0159ela v Senohrabech pastou\u0161ka, dne\u0161n\u00ed \u010dp. 7. N\u011bkolik t\u00fddn\u016f p\u0159ed t\u00edm byl v obci nalezen dopis, v n\u011bm\u017e nezn\u00e1m\u00fd vyhro\u017eoval, \u017ee obec bude ho\u0159eti [&hellip;]<\/p>\n","protected":false},"author":1,"featured_media":605,"comment_status":"open","ping_status":"open","sticky":false,"template":"","format":"standard","meta":{"pgc_sgb_lightbox_settings":"","footnotes":""},"categories":[38],"tags":[],"class_list":["post-596","post","type-post","status-publish","format-standard","has-post-thumbnail","hentry","category-historie"],"yoast_head":"<!-- This site is optimized with the Yoast SEO plugin v27.4 - https:\/\/yoast.com\/product\/yoast-seo-wordpress\/ -->\n<title>Historie sboru - Hasi\u010di Senohraby<\/title>\n<meta name=\"robots\" content=\"index, follow, max-snippet:-1, max-image-preview:large, max-video-preview:-1\" \/>\n<link rel=\"canonical\" href=\"https:\/\/hasicisenohraby.cz\/index.php\/2025\/11\/14\/historie-sboru\/\" \/>\n<meta property=\"og:locale\" content=\"cs_CZ\" \/>\n<meta property=\"og:type\" content=\"article\" \/>\n<meta property=\"og:title\" content=\"Historie sboru - Hasi\u010di Senohraby\" \/>\n<meta property=\"og:description\" content=\"Historie hasi\u010dsk\u00e9ho sboru v Senohrabech se po\u010d\u00edn\u00e1 ps\u00e1t rokem 1898. P\u0159edch\u00e1zela tomu ud\u00e1lost, kter\u00e1 o zalo\u017een\u00ed sboru hasi\u010d\u016f rozhodla. T\u00e9ho\u017e roku v den svatby Barbory Zrckov\u00e9 s Josefem Kr\u010dm\u00e1\u0159em z Lojovic vyho\u0159ela v Senohrabech pastou\u0161ka, dne\u0161n\u00ed \u010dp. 7. N\u011bkolik t\u00fddn\u016f p\u0159ed t\u00edm byl v obci nalezen dopis, v n\u011bm\u017e nezn\u00e1m\u00fd vyhro\u017eoval, \u017ee obec bude ho\u0159eti [&hellip;]\" \/>\n<meta property=\"og:url\" content=\"https:\/\/hasicisenohraby.cz\/index.php\/2025\/11\/14\/historie-sboru\/\" \/>\n<meta property=\"og:site_name\" content=\"Hasi\u010di Senohraby\" \/>\n<meta property=\"article:publisher\" content=\"https:\/\/www.facebook.com\/hasici.senohraby\" \/>\n<meta property=\"article:published_time\" content=\"2025-11-14T22:04:08+00:00\" \/>\n<meta property=\"article:modified_time\" content=\"2025-11-15T20:15:16+00:00\" \/>\n<meta property=\"og:image\" content=\"https:\/\/hasicisenohraby.cz\/wp-content\/uploads\/2025\/11\/image-8.png\" \/>\n\t<meta property=\"og:image:width\" content=\"585\" \/>\n\t<meta property=\"og:image:height\" content=\"422\" \/>\n\t<meta property=\"og:image:type\" content=\"image\/png\" \/>\n<meta name=\"author\" content=\"Martin Bro\u017e\" \/>\n<meta name=\"twitter:card\" content=\"summary_large_image\" \/>\n<meta name=\"twitter:creator\" content=\"@HasiciSenohraby\" \/>\n<meta name=\"twitter:site\" content=\"@HasiciSenohraby\" \/>\n<meta name=\"twitter:label1\" content=\"Napsal(a)\" \/>\n\t<meta name=\"twitter:data1\" content=\"Martin Bro\u017e\" \/>\n\t<meta name=\"twitter:label2\" content=\"Odhadovan\u00e1 doba \u010dten\u00ed\" \/>\n\t<meta name=\"twitter:data2\" content=\"11 minut\" \/>\n<script type=\"application\/ld+json\" class=\"yoast-schema-graph\">{\"@context\":\"https:\\\/\\\/schema.org\",\"@graph\":[{\"@type\":\"Article\",\"@id\":\"https:\\\/\\\/hasicisenohraby.cz\\\/index.php\\\/2025\\\/11\\\/14\\\/historie-sboru\\\/#article\",\"isPartOf\":{\"@id\":\"https:\\\/\\\/hasicisenohraby.cz\\\/index.php\\\/2025\\\/11\\\/14\\\/historie-sboru\\\/\"},\"author\":{\"name\":\"Martin Bro\u017e\",\"@id\":\"https:\\\/\\\/hasicisenohraby.cz\\\/#\\\/schema\\\/person\\\/76156696b27cc21e700a01fd467369e7\"},\"headline\":\"Historie sboru\",\"datePublished\":\"2025-11-14T22:04:08+00:00\",\"dateModified\":\"2025-11-15T20:15:16+00:00\",\"mainEntityOfPage\":{\"@id\":\"https:\\\/\\\/hasicisenohraby.cz\\\/index.php\\\/2025\\\/11\\\/14\\\/historie-sboru\\\/\"},\"wordCount\":2114,\"commentCount\":0,\"publisher\":{\"@id\":\"https:\\\/\\\/hasicisenohraby.cz\\\/#organization\"},\"image\":{\"@id\":\"https:\\\/\\\/hasicisenohraby.cz\\\/index.php\\\/2025\\\/11\\\/14\\\/historie-sboru\\\/#primaryimage\"},\"thumbnailUrl\":\"https:\\\/\\\/hasicisenohraby.cz\\\/wp-content\\\/uploads\\\/2025\\\/11\\\/image-8.png\",\"articleSection\":[\"Historie\"],\"inLanguage\":\"cs\",\"potentialAction\":[{\"@type\":\"CommentAction\",\"name\":\"Comment\",\"target\":[\"https:\\\/\\\/hasicisenohraby.cz\\\/index.php\\\/2025\\\/11\\\/14\\\/historie-sboru\\\/#respond\"]}]},{\"@type\":\"WebPage\",\"@id\":\"https:\\\/\\\/hasicisenohraby.cz\\\/index.php\\\/2025\\\/11\\\/14\\\/historie-sboru\\\/\",\"url\":\"https:\\\/\\\/hasicisenohraby.cz\\\/index.php\\\/2025\\\/11\\\/14\\\/historie-sboru\\\/\",\"name\":\"Historie sboru - Hasi\u010di Senohraby\",\"isPartOf\":{\"@id\":\"https:\\\/\\\/hasicisenohraby.cz\\\/#website\"},\"primaryImageOfPage\":{\"@id\":\"https:\\\/\\\/hasicisenohraby.cz\\\/index.php\\\/2025\\\/11\\\/14\\\/historie-sboru\\\/#primaryimage\"},\"image\":{\"@id\":\"https:\\\/\\\/hasicisenohraby.cz\\\/index.php\\\/2025\\\/11\\\/14\\\/historie-sboru\\\/#primaryimage\"},\"thumbnailUrl\":\"https:\\\/\\\/hasicisenohraby.cz\\\/wp-content\\\/uploads\\\/2025\\\/11\\\/image-8.png\",\"datePublished\":\"2025-11-14T22:04:08+00:00\",\"dateModified\":\"2025-11-15T20:15:16+00:00\",\"breadcrumb\":{\"@id\":\"https:\\\/\\\/hasicisenohraby.cz\\\/index.php\\\/2025\\\/11\\\/14\\\/historie-sboru\\\/#breadcrumb\"},\"inLanguage\":\"cs\",\"potentialAction\":[{\"@type\":\"ReadAction\",\"target\":[\"https:\\\/\\\/hasicisenohraby.cz\\\/index.php\\\/2025\\\/11\\\/14\\\/historie-sboru\\\/\"]}]},{\"@type\":\"ImageObject\",\"inLanguage\":\"cs\",\"@id\":\"https:\\\/\\\/hasicisenohraby.cz\\\/index.php\\\/2025\\\/11\\\/14\\\/historie-sboru\\\/#primaryimage\",\"url\":\"https:\\\/\\\/hasicisenohraby.cz\\\/wp-content\\\/uploads\\\/2025\\\/11\\\/image-8.png\",\"contentUrl\":\"https:\\\/\\\/hasicisenohraby.cz\\\/wp-content\\\/uploads\\\/2025\\\/11\\\/image-8.png\",\"width\":585,\"height\":422},{\"@type\":\"BreadcrumbList\",\"@id\":\"https:\\\/\\\/hasicisenohraby.cz\\\/index.php\\\/2025\\\/11\\\/14\\\/historie-sboru\\\/#breadcrumb\",\"itemListElement\":[{\"@type\":\"ListItem\",\"position\":1,\"name\":\"Dom\u016f\",\"item\":\"https:\\\/\\\/hasicisenohraby.cz\\\/\"},{\"@type\":\"ListItem\",\"position\":2,\"name\":\"Historie sboru\"}]},{\"@type\":\"WebSite\",\"@id\":\"https:\\\/\\\/hasicisenohraby.cz\\\/#website\",\"url\":\"https:\\\/\\\/hasicisenohraby.cz\\\/\",\"name\":\"Hasi\u010di Senohraby\",\"description\":\"Str\u00e1nky hasi\u010d\u016f ze Senohrab\",\"publisher\":{\"@id\":\"https:\\\/\\\/hasicisenohraby.cz\\\/#organization\"},\"potentialAction\":[{\"@type\":\"SearchAction\",\"target\":{\"@type\":\"EntryPoint\",\"urlTemplate\":\"https:\\\/\\\/hasicisenohraby.cz\\\/?s={search_term_string}\"},\"query-input\":{\"@type\":\"PropertyValueSpecification\",\"valueRequired\":true,\"valueName\":\"search_term_string\"}}],\"inLanguage\":\"cs\"},{\"@type\":\"Organization\",\"@id\":\"https:\\\/\\\/hasicisenohraby.cz\\\/#organization\",\"name\":\"Hasi\u010di Senohraby\",\"url\":\"https:\\\/\\\/hasicisenohraby.cz\\\/\",\"logo\":{\"@type\":\"ImageObject\",\"inLanguage\":\"cs\",\"@id\":\"https:\\\/\\\/hasicisenohraby.cz\\\/#\\\/schema\\\/logo\\\/image\\\/\",\"url\":\"https:\\\/\\\/hasicisenohraby.cz\\\/wp-content\\\/uploads\\\/2025\\\/08\\\/Logo-sboru.png\",\"contentUrl\":\"https:\\\/\\\/hasicisenohraby.cz\\\/wp-content\\\/uploads\\\/2025\\\/08\\\/Logo-sboru.png\",\"width\":167,\"height\":233,\"caption\":\"Hasi\u010di Senohraby\"},\"image\":{\"@id\":\"https:\\\/\\\/hasicisenohraby.cz\\\/#\\\/schema\\\/logo\\\/image\\\/\"},\"sameAs\":[\"https:\\\/\\\/www.facebook.com\\\/hasici.senohraby\",\"https:\\\/\\\/x.com\\\/HasiciSenohraby\",\"https:\\\/\\\/www.instagram.com\\\/hasici_senohraby\",\"https:\\\/\\\/www.youtube.com\\\/@72RB\"]},{\"@type\":\"Person\",\"@id\":\"https:\\\/\\\/hasicisenohraby.cz\\\/#\\\/schema\\\/person\\\/76156696b27cc21e700a01fd467369e7\",\"name\":\"Martin Bro\u017e\",\"image\":{\"@type\":\"ImageObject\",\"inLanguage\":\"cs\",\"@id\":\"https:\\\/\\\/secure.gravatar.com\\\/avatar\\\/9dcebc63b6e93006af9814ad9b9b8991652c172b6204130571ce792a9f9aea63?s=96&d=mm&r=g\",\"url\":\"https:\\\/\\\/secure.gravatar.com\\\/avatar\\\/9dcebc63b6e93006af9814ad9b9b8991652c172b6204130571ce792a9f9aea63?s=96&d=mm&r=g\",\"contentUrl\":\"https:\\\/\\\/secure.gravatar.com\\\/avatar\\\/9dcebc63b6e93006af9814ad9b9b8991652c172b6204130571ce792a9f9aea63?s=96&d=mm&r=g\",\"caption\":\"Martin Bro\u017e\"},\"sameAs\":[\"https:\\\/\\\/hasicisenohraby.cz\"],\"url\":\"https:\\\/\\\/hasicisenohraby.cz\\\/index.php\\\/author\\\/bizu\\\/\"}]}<\/script>\n<!-- \/ Yoast SEO plugin. -->","yoast_head_json":{"title":"Historie sboru - Hasi\u010di Senohraby","robots":{"index":"index","follow":"follow","max-snippet":"max-snippet:-1","max-image-preview":"max-image-preview:large","max-video-preview":"max-video-preview:-1"},"canonical":"https:\/\/hasicisenohraby.cz\/index.php\/2025\/11\/14\/historie-sboru\/","og_locale":"cs_CZ","og_type":"article","og_title":"Historie sboru - Hasi\u010di Senohraby","og_description":"Historie hasi\u010dsk\u00e9ho sboru v Senohrabech se po\u010d\u00edn\u00e1 ps\u00e1t rokem 1898. P\u0159edch\u00e1zela tomu ud\u00e1lost, kter\u00e1 o zalo\u017een\u00ed sboru hasi\u010d\u016f rozhodla. T\u00e9ho\u017e roku v den svatby Barbory Zrckov\u00e9 s Josefem Kr\u010dm\u00e1\u0159em z Lojovic vyho\u0159ela v Senohrabech pastou\u0161ka, dne\u0161n\u00ed \u010dp. 7. N\u011bkolik t\u00fddn\u016f p\u0159ed t\u00edm byl v obci nalezen dopis, v n\u011bm\u017e nezn\u00e1m\u00fd vyhro\u017eoval, \u017ee obec bude ho\u0159eti [&hellip;]","og_url":"https:\/\/hasicisenohraby.cz\/index.php\/2025\/11\/14\/historie-sboru\/","og_site_name":"Hasi\u010di Senohraby","article_publisher":"https:\/\/www.facebook.com\/hasici.senohraby","article_published_time":"2025-11-14T22:04:08+00:00","article_modified_time":"2025-11-15T20:15:16+00:00","og_image":[{"width":585,"height":422,"url":"https:\/\/hasicisenohraby.cz\/wp-content\/uploads\/2025\/11\/image-8.png","type":"image\/png"}],"author":"Martin Bro\u017e","twitter_card":"summary_large_image","twitter_creator":"@HasiciSenohraby","twitter_site":"@HasiciSenohraby","twitter_misc":{"Napsal(a)":"Martin Bro\u017e","Odhadovan\u00e1 doba \u010dten\u00ed":"11 minut"},"schema":{"@context":"https:\/\/schema.org","@graph":[{"@type":"Article","@id":"https:\/\/hasicisenohraby.cz\/index.php\/2025\/11\/14\/historie-sboru\/#article","isPartOf":{"@id":"https:\/\/hasicisenohraby.cz\/index.php\/2025\/11\/14\/historie-sboru\/"},"author":{"name":"Martin Bro\u017e","@id":"https:\/\/hasicisenohraby.cz\/#\/schema\/person\/76156696b27cc21e700a01fd467369e7"},"headline":"Historie sboru","datePublished":"2025-11-14T22:04:08+00:00","dateModified":"2025-11-15T20:15:16+00:00","mainEntityOfPage":{"@id":"https:\/\/hasicisenohraby.cz\/index.php\/2025\/11\/14\/historie-sboru\/"},"wordCount":2114,"commentCount":0,"publisher":{"@id":"https:\/\/hasicisenohraby.cz\/#organization"},"image":{"@id":"https:\/\/hasicisenohraby.cz\/index.php\/2025\/11\/14\/historie-sboru\/#primaryimage"},"thumbnailUrl":"https:\/\/hasicisenohraby.cz\/wp-content\/uploads\/2025\/11\/image-8.png","articleSection":["Historie"],"inLanguage":"cs","potentialAction":[{"@type":"CommentAction","name":"Comment","target":["https:\/\/hasicisenohraby.cz\/index.php\/2025\/11\/14\/historie-sboru\/#respond"]}]},{"@type":"WebPage","@id":"https:\/\/hasicisenohraby.cz\/index.php\/2025\/11\/14\/historie-sboru\/","url":"https:\/\/hasicisenohraby.cz\/index.php\/2025\/11\/14\/historie-sboru\/","name":"Historie sboru - Hasi\u010di Senohraby","isPartOf":{"@id":"https:\/\/hasicisenohraby.cz\/#website"},"primaryImageOfPage":{"@id":"https:\/\/hasicisenohraby.cz\/index.php\/2025\/11\/14\/historie-sboru\/#primaryimage"},"image":{"@id":"https:\/\/hasicisenohraby.cz\/index.php\/2025\/11\/14\/historie-sboru\/#primaryimage"},"thumbnailUrl":"https:\/\/hasicisenohraby.cz\/wp-content\/uploads\/2025\/11\/image-8.png","datePublished":"2025-11-14T22:04:08+00:00","dateModified":"2025-11-15T20:15:16+00:00","breadcrumb":{"@id":"https:\/\/hasicisenohraby.cz\/index.php\/2025\/11\/14\/historie-sboru\/#breadcrumb"},"inLanguage":"cs","potentialAction":[{"@type":"ReadAction","target":["https:\/\/hasicisenohraby.cz\/index.php\/2025\/11\/14\/historie-sboru\/"]}]},{"@type":"ImageObject","inLanguage":"cs","@id":"https:\/\/hasicisenohraby.cz\/index.php\/2025\/11\/14\/historie-sboru\/#primaryimage","url":"https:\/\/hasicisenohraby.cz\/wp-content\/uploads\/2025\/11\/image-8.png","contentUrl":"https:\/\/hasicisenohraby.cz\/wp-content\/uploads\/2025\/11\/image-8.png","width":585,"height":422},{"@type":"BreadcrumbList","@id":"https:\/\/hasicisenohraby.cz\/index.php\/2025\/11\/14\/historie-sboru\/#breadcrumb","itemListElement":[{"@type":"ListItem","position":1,"name":"Dom\u016f","item":"https:\/\/hasicisenohraby.cz\/"},{"@type":"ListItem","position":2,"name":"Historie sboru"}]},{"@type":"WebSite","@id":"https:\/\/hasicisenohraby.cz\/#website","url":"https:\/\/hasicisenohraby.cz\/","name":"Hasi\u010di Senohraby","description":"Str\u00e1nky hasi\u010d\u016f ze Senohrab","publisher":{"@id":"https:\/\/hasicisenohraby.cz\/#organization"},"potentialAction":[{"@type":"SearchAction","target":{"@type":"EntryPoint","urlTemplate":"https:\/\/hasicisenohraby.cz\/?s={search_term_string}"},"query-input":{"@type":"PropertyValueSpecification","valueRequired":true,"valueName":"search_term_string"}}],"inLanguage":"cs"},{"@type":"Organization","@id":"https:\/\/hasicisenohraby.cz\/#organization","name":"Hasi\u010di Senohraby","url":"https:\/\/hasicisenohraby.cz\/","logo":{"@type":"ImageObject","inLanguage":"cs","@id":"https:\/\/hasicisenohraby.cz\/#\/schema\/logo\/image\/","url":"https:\/\/hasicisenohraby.cz\/wp-content\/uploads\/2025\/08\/Logo-sboru.png","contentUrl":"https:\/\/hasicisenohraby.cz\/wp-content\/uploads\/2025\/08\/Logo-sboru.png","width":167,"height":233,"caption":"Hasi\u010di Senohraby"},"image":{"@id":"https:\/\/hasicisenohraby.cz\/#\/schema\/logo\/image\/"},"sameAs":["https:\/\/www.facebook.com\/hasici.senohraby","https:\/\/x.com\/HasiciSenohraby","https:\/\/www.instagram.com\/hasici_senohraby","https:\/\/www.youtube.com\/@72RB"]},{"@type":"Person","@id":"https:\/\/hasicisenohraby.cz\/#\/schema\/person\/76156696b27cc21e700a01fd467369e7","name":"Martin Bro\u017e","image":{"@type":"ImageObject","inLanguage":"cs","@id":"https:\/\/secure.gravatar.com\/avatar\/9dcebc63b6e93006af9814ad9b9b8991652c172b6204130571ce792a9f9aea63?s=96&d=mm&r=g","url":"https:\/\/secure.gravatar.com\/avatar\/9dcebc63b6e93006af9814ad9b9b8991652c172b6204130571ce792a9f9aea63?s=96&d=mm&r=g","contentUrl":"https:\/\/secure.gravatar.com\/avatar\/9dcebc63b6e93006af9814ad9b9b8991652c172b6204130571ce792a9f9aea63?s=96&d=mm&r=g","caption":"Martin Bro\u017e"},"sameAs":["https:\/\/hasicisenohraby.cz"],"url":"https:\/\/hasicisenohraby.cz\/index.php\/author\/bizu\/"}]}},"_links":{"self":[{"href":"https:\/\/hasicisenohraby.cz\/index.php\/wp-json\/wp\/v2\/posts\/596","targetHints":{"allow":["GET"]}}],"collection":[{"href":"https:\/\/hasicisenohraby.cz\/index.php\/wp-json\/wp\/v2\/posts"}],"about":[{"href":"https:\/\/hasicisenohraby.cz\/index.php\/wp-json\/wp\/v2\/types\/post"}],"author":[{"embeddable":true,"href":"https:\/\/hasicisenohraby.cz\/index.php\/wp-json\/wp\/v2\/users\/1"}],"replies":[{"embeddable":true,"href":"https:\/\/hasicisenohraby.cz\/index.php\/wp-json\/wp\/v2\/comments?post=596"}],"version-history":[{"count":17,"href":"https:\/\/hasicisenohraby.cz\/index.php\/wp-json\/wp\/v2\/posts\/596\/revisions"}],"predecessor-version":[{"id":660,"href":"https:\/\/hasicisenohraby.cz\/index.php\/wp-json\/wp\/v2\/posts\/596\/revisions\/660"}],"wp:featuredmedia":[{"embeddable":true,"href":"https:\/\/hasicisenohraby.cz\/index.php\/wp-json\/wp\/v2\/media\/605"}],"wp:attachment":[{"href":"https:\/\/hasicisenohraby.cz\/index.php\/wp-json\/wp\/v2\/media?parent=596"}],"wp:term":[{"taxonomy":"category","embeddable":true,"href":"https:\/\/hasicisenohraby.cz\/index.php\/wp-json\/wp\/v2\/categories?post=596"},{"taxonomy":"post_tag","embeddable":true,"href":"https:\/\/hasicisenohraby.cz\/index.php\/wp-json\/wp\/v2\/tags?post=596"}],"curies":[{"name":"wp","href":"https:\/\/api.w.org\/{rel}","templated":true}]}}